{"id":3763,"date":"2022-09-13T18:43:24","date_gmt":"2022-09-13T18:43:24","guid":{"rendered":"https:\/\/terciariascapuchinasbuenpastor.org\/?p=3763"},"modified":"2022-09-13T18:51:08","modified_gmt":"2022-09-13T18:51:08","slug":"a-las-puertas-de-iniciar-nuestro-xxiii-capitulo-general","status":"publish","type":"post","link":"https:\/\/terciariascapuchinasbuenpastor.org\/index.php\/2022\/09\/13\/a-las-puertas-de-iniciar-nuestro-xxiii-capitulo-general\/","title":{"rendered":"A LAS PUERTAS DE INICIAR NUESTRO XXIII CAP\u00cdTULO GENERAL"},"content":{"rendered":"\t\t<div data-elementor-type=\"wp-post\" data-elementor-id=\"3763\" class=\"elementor elementor-3763\">\n\t\t\t\t\t\t\t\t\t<section class=\"elementor-section elementor-top-section elementor-element elementor-element-367ebd9 elementor-section-boxed elementor-section-height-default elementor-section-height-default\" data-id=\"367ebd9\" data-element_type=\"section\">\n\t\t\t\t\t\t<div class=\"elementor-container elementor-column-gap-default\">\n\t\t\t\t\t<div class=\"elementor-column elementor-col-100 elementor-top-column elementor-element elementor-element-3e2f3b8\" data-id=\"3e2f3b8\" data-element_type=\"column\">\n\t\t\t<div class=\"elementor-widget-wrap elementor-element-populated\">\n\t\t\t\t\t\t\t\t<div class=\"elementor-element elementor-element-c3a8b31 elementor-widget elementor-widget-text-editor\" data-id=\"c3a8b31\" data-element_type=\"widget\" data-widget_type=\"text-editor.default\">\n\t\t\t\t<div class=\"elementor-widget-container\">\n\t\t\t<style>\/*! elementor - v3.7.1 - 14-08-2022 *\/\n.elementor-widget-text-editor.elementor-drop-cap-view-stacked .elementor-drop-cap{background-color:#818a91;color:#fff}.elementor-widget-text-editor.elementor-drop-cap-view-framed .elementor-drop-cap{color:#818a91;border:3px solid;background-color:transparent}.elementor-widget-text-editor:not(.elementor-drop-cap-view-default) .elementor-drop-cap{margin-top:8px}.elementor-widget-text-editor:not(.elementor-drop-cap-view-default) .elementor-drop-cap-letter{width:1em;height:1em}.elementor-widget-text-editor .elementor-drop-cap{float:left;text-align:center;line-height:1;font-size:50px}.elementor-widget-text-editor .elementor-drop-cap-letter{display:inline-block}<\/style>\t\t\t\t<p>El mi\u00e9rcoles d\u00eda 7 de septiembre, por la tarde, finalizados los d\u00edas de retiro espiritual que nos han ayudado a disponer de una mejor manera el coraz\u00f3n para iniciar nuestro Cap\u00edtulo general, volvemos a casa. En la oscuridad del d\u00eda que termina, a las 20:00 horas, a luz de las antorchas, tuvo lugar una celebraci\u00f3n mariana, en la v\u00edspera de la fiesta de la Natividad de la Virgen. Dios ha salido nuevamente a nuestro encuentro, sorprendi\u00e9ndonos con la ternura acogedora de su madre en la \u201cblanca y diminuta imagencita\u201d de Nuestra Se\u00f1ora de Montiel, a cuyos pies naci\u00f3 en 1885 nuestra Congregaci\u00f3n.<\/p><p>En esta celebraci\u00f3n, tomadas de su mano, con ojos nuevos y en actitud de agradecimiento, hemos recorrido los acontecimientos m\u00e1s importantes que marcaron los inicios de nuestra Familia religiosa y que hoy, a las puertas del XXIII Cap\u00edtulo general, se convierten en una nueva llamada para continuar caminando en la sinodalidad que desde el principio marc\u00f3 nuestra vida congregacional, por inspiraci\u00f3n de nuestro Fundador, Luis Amig\u00f3.<\/p><p>Le pedimos a ella, la mujer atenta a la escucha del Se\u00f1or, que nos ayude, durante estos d\u00edas de celebraci\u00f3n capitular, a cultivar la escucha humilde, el discernimiento y el desapropio para que la acci\u00f3n del Esp\u00edritu Santo nos fortalezca y ayude a abrazar nuestra propia realidad y la de nuestros hermanos, en especial, de los que m\u00e1s sufren.<\/p><p><b>ECOS DE LA APERTURA DEL XXIII CAP\u00cdTULO GENERAL DE LAS\u00a0HERMANAS TERCIARIAS CAPUCHINAS DE LA SAGRADA FAMILIA<\/b><\/p><p>\u00a0<\/p><p>El d\u00eda 8 de septiembre, en la fiesta de la Natividad de la Virgen Mar\u00eda, se dio inicio a la celebraci\u00f3n de un acontecimiento eclesial y congregacional de gran importancia para nuestro Instituto: el XXIII Cap\u00edtulo general. Ciertamente Mar\u00eda, la Virgen, protagonista de este momento, nos invita a ser fieles como ella, a nuestra vocaci\u00f3n carism\u00e1tica en la Iglesia.<\/p><p>La Eucarist\u00eda de apertura que fue presidida por el Cardenal Joao Braz de Aviz, de nacionalidad brasile\u00f1a, Prefecto de la Congregaci\u00f3n de los Institutos de Vida Consagrada y las Sociedades de Vida Apost\u00f3lica, fue un momento significativo y entra\u00f1able que nos dispuso para comenzar el camino. En ella tuvimos presente a cada hermana y obra apost\u00f3lica de los distintos pa\u00edses donde nos encontramos. Sentimos una Congregaci\u00f3n viva, llena de esperanza, de alegr\u00eda, avanzando en sinodalidad.<\/p><p>La Luz representando a Cristo Resucitado, la Palabra de Dios, el Documento final del XXII Cap\u00edtulo general y el Proyecto \u201cCrecimiento y Transformaci\u00f3n\u201d, se presentaron como signos claros de lo que hemos ido viviendo en este sexenio que termina, en el que han sido pilares fundamentales que nos han marcado la senda.<\/p><p>Despu\u00e9s de la Eucarist\u00eda, se dio paso a otro momento importante: la celebraci\u00f3n de apertura del Cap\u00edtulo, en torno a dos elementos esenciales, contemplados en la par\u00e1bola lucana de la mujer que introduce una pizca de levadura en la harina para hacerla fermentar; tambi\u00e9n nosotras estamos llamadas a ser levadura en la masa congregacional.<\/p><p>Recogemos con abundancia lo que hemos sembrado con amor, dedicaci\u00f3n y responsabilidad y damos gracias a Dios por darnos la fuerza para seguir haciendo camino, atentas a la voz de Dios y de la realidad que nos invita a escuchar, participar, decidir y actuar. Esta voz debe resonar en cada Terciaria Capuchina y comprometidas con Jes\u00fas y su Evangelio, queremos vivir en verdad el lema de nuestro Cap\u00edtulo: \u201cEscuchamos con humildad para avanzar en sinodalidad\u201d.<\/p><p>En la segunda parte de esta celebraci\u00f3n se present\u00f3 oficialmente el Logo, Lema y Tema del XXIII Cap\u00edtulo general.<\/p><p>Antes de concluir la actividad de la ma\u00f1ana, la Hna. Ana Tulia L\u00f3pez Bedoya, Superiora general dirigi\u00f3 su saludo a las capitulares, declarando abierto el Cap\u00edtulo.<\/p><p>Por la tarde tuvieron lugar las votaciones para la conformaci\u00f3n de las comisiones y servicios capitulares.<\/p><p>\u00a0<\/p>\t\t\t\t\t\t<\/div>\n\t\t\t\t<\/div>\n\t\t\t\t\t<\/div>\n\t\t<\/div>\n\t\t\t\t\t\t\t<\/div>\n\t\t<\/section>\n\t\t\t\t<section class=\"elementor-section elementor-top-section elementor-element elementor-element-2f444e5 elementor-section-boxed elementor-section-height-default elementor-section-height-default\" data-id=\"2f444e5\" data-element_type=\"section\">\n\t\t\t\t\t\t<div class=\"elementor-container elementor-column-gap-default\">\n\t\t\t\t\t<div class=\"elementor-column elementor-col-50 elementor-top-column elementor-element elementor-element-14e513f\" data-id=\"14e513f\" data-element_type=\"column\">\n\t\t\t<div class=\"elementor-widget-wrap elementor-element-populated\">\n\t\t\t\t\t\t\t\t<div class=\"elementor-element elementor-element-d375fe6 elementor-widget elementor-widget-image\" data-id=\"d375fe6\" data-element_type=\"widget\" data-widget_type=\"image.default\">\n\t\t\t\t<div class=\"elementor-widget-container\">\n\t\t\t<style>\/*! elementor - v3.7.1 - 14-08-2022 *\/\n.elementor-widget-image{text-align:center}.elementor-widget-image a{display:inline-block}.elementor-widget-image a img[src$=\".svg\"]{width:48px}.elementor-widget-image img{vertical-align:middle;display:inline-block}<\/style>\t\t\t\t\t\t\t\t\t\t\t\t<img loading=\"lazy\" decoding=\"async\" width=\"1024\" height=\"768\" src=\"https:\/\/terciariascapuchinasbuenpastor.org\/wp-content\/uploads\/2022\/09\/IMG_3355-scaled-1-1024x768.jpg\" class=\"attachment-large size-large\" alt=\"\" srcset=\"https:\/\/terciariascapuchinasbuenpastor.org\/wp-content\/uploads\/2022\/09\/IMG_3355-scaled-1-1024x768.jpg 1024w, https:\/\/terciariascapuchinasbuenpastor.org\/wp-content\/uploads\/2022\/09\/IMG_3355-scaled-1-300x225.jpg 300w, https:\/\/terciariascapuchinasbuenpastor.org\/wp-content\/uploads\/2022\/09\/IMG_3355-scaled-1-768x576.jpg 768w, https:\/\/terciariascapuchinasbuenpastor.org\/wp-content\/uploads\/2022\/09\/IMG_3355-scaled-1-1536x1152.jpg 1536w, https:\/\/terciariascapuchinasbuenpastor.org\/wp-content\/uploads\/2022\/09\/IMG_3355-scaled-1-2048x1536.jpg 2048w, https:\/\/terciariascapuchinasbuenpastor.org\/wp-content\/uploads\/2022\/09\/IMG_3355-scaled-1-1440x1080.jpg 1440w\" sizes=\"auto, (max-width: 1024px) 100vw, 1024px\" \/>\t\t\t\t\t\t\t\t\t\t\t\t\t\t\t<\/div>\n\t\t\t\t<\/div>\n\t\t\t\t\t<\/div>\n\t\t<\/div>\n\t\t\t\t<div class=\"elementor-column elementor-col-50 elementor-top-column elementor-element elementor-element-1264d4b\" data-id=\"1264d4b\" data-element_type=\"column\">\n\t\t\t<div class=\"elementor-widget-wrap elementor-element-populated\">\n\t\t\t\t\t\t\t\t<div class=\"elementor-element elementor-element-b018c21 elementor-widget elementor-widget-image\" data-id=\"b018c21\" data-element_type=\"widget\" data-widget_type=\"image.default\">\n\t\t\t\t<div class=\"elementor-widget-container\">\n\t\t\t\t\t\t\t\t\t\t\t\t\t\t\t<img loading=\"lazy\" decoding=\"async\" width=\"1024\" height=\"768\" src=\"https:\/\/terciariascapuchinasbuenpastor.org\/wp-content\/uploads\/2022\/09\/IMG_3302-scaled-1-1024x768.jpg\" class=\"attachment-large size-large\" alt=\"\" srcset=\"https:\/\/terciariascapuchinasbuenpastor.org\/wp-content\/uploads\/2022\/09\/IMG_3302-scaled-1-1024x768.jpg 1024w, https:\/\/terciariascapuchinasbuenpastor.org\/wp-content\/uploads\/2022\/09\/IMG_3302-scaled-1-300x225.jpg 300w, https:\/\/terciariascapuchinasbuenpastor.org\/wp-content\/uploads\/2022\/09\/IMG_3302-scaled-1-768x576.jpg 768w, https:\/\/terciariascapuchinasbuenpastor.org\/wp-content\/uploads\/2022\/09\/IMG_3302-scaled-1-1536x1152.jpg 1536w, https:\/\/terciariascapuchinasbuenpastor.org\/wp-content\/uploads\/2022\/09\/IMG_3302-scaled-1-2048x1536.jpg 2048w, https:\/\/terciariascapuchinasbuenpastor.org\/wp-content\/uploads\/2022\/09\/IMG_3302-scaled-1-1440x1080.jpg 1440w\" sizes=\"auto, (max-width: 1024px) 100vw, 1024px\" \/>\t\t\t\t\t\t\t\t\t\t\t\t\t\t\t<\/div>\n\t\t\t\t<\/div>\n\t\t\t\t\t<\/div>\n\t\t<\/div>\n\t\t\t\t\t\t\t<\/div>\n\t\t<\/section>\n\t\t\t\t\t\t\t<\/div>\n\t\t","protected":false},"excerpt":{"rendered":"<p>El mi\u00e9rcoles d\u00eda 7 de septiembre, por la tarde, finalizados los d\u00edas de retiro espiritual que nos han ayudado a disponer de una mejor manera el coraz\u00f3n para iniciar nuestro Cap\u00edtulo general, volvemos a casa. En la oscuridad del d\u00eda que termina, a las 20:00 horas, a luz de las antorchas, tuvo lugar una celebraci\u00f3n&hellip; <br \/> <a class=\"read-more\" href=\"https:\/\/terciariascapuchinasbuenpastor.org\/index.php\/2022\/09\/13\/a-las-puertas-de-iniciar-nuestro-xxiii-capitulo-general\/\">Leer m\u00e1s<\/a><\/p>\n","protected":false},"author":1,"featured_media":3674,"comment_status":"open","ping_status":"open","sticky":false,"template":"elementor_header_footer","format":"standard","meta":{"footnotes":""},"categories":[1],"tags":[],"class_list":["post-3763","post","type-post","status-publish","format-standard","has-post-thumbnail","hentry","category-uncategorized"],"yoast_head":"<!-- This site is optimized with the Yoast SEO plugin v19.6.1 - https:\/\/yoast.com\/wordpress\/plugins\/seo\/ -->\n<title>A LAS PUERTAS DE INICIAR NUESTRO XXIII CAP\u00cdTULO GENERAL - Terciarias Capuchinas Madre del Buen Pastor<\/title>\n<meta name=\"robots\" content=\"index, follow, max-snippet:-1, max-image-preview:large, max-video-preview:-1\" \/>\n<link rel=\"canonical\" href=\"https:\/\/terciariascapuchinasbuenpastor.org\/index.php\/2022\/09\/13\/a-las-puertas-de-iniciar-nuestro-xxiii-capitulo-general\/\" \/>\n<meta property=\"og:locale\" content=\"es_ES\" \/>\n<meta property=\"og:type\" content=\"article\" \/>\n<meta property=\"og:title\" content=\"A LAS PUERTAS DE INICIAR NUESTRO XXIII CAP\u00cdTULO GENERAL - Terciarias Capuchinas Madre del Buen Pastor\" \/>\n<meta property=\"og:description\" content=\"El mi\u00e9rcoles d\u00eda 7 de septiembre, por la tarde, finalizados los d\u00edas de retiro espiritual que nos han ayudado a disponer de una mejor manera el coraz\u00f3n para iniciar nuestro Cap\u00edtulo general, volvemos a casa. En la oscuridad del d\u00eda que termina, a las 20:00 horas, a luz de las antorchas, tuvo lugar una celebraci\u00f3n&hellip; Leer m\u00e1s\" \/>\n<meta property=\"og:url\" content=\"https:\/\/terciariascapuchinasbuenpastor.org\/index.php\/2022\/09\/13\/a-las-puertas-de-iniciar-nuestro-xxiii-capitulo-general\/\" \/>\n<meta property=\"og:site_name\" content=\"Terciarias Capuchinas Madre del Buen Pastor\" \/>\n<meta property=\"article:published_time\" content=\"2022-09-13T18:43:24+00:00\" \/>\n<meta property=\"article:modified_time\" content=\"2022-09-13T18:51:08+00:00\" \/>\n<meta property=\"og:image\" content=\"http:\/\/terciariascapuchinasbuenpastor.org\/wp-content\/uploads\/2022\/09\/FB_IMG_1662323392011.jpg\" \/>\n\t<meta property=\"og:image:width\" content=\"1080\" \/>\n\t<meta property=\"og:image:height\" content=\"810\" \/>\n\t<meta property=\"og:image:type\" content=\"image\/jpeg\" \/>\n<meta name=\"author\" content=\"cristianariasa\" \/>\n<meta name=\"twitter:card\" content=\"summary_large_image\" \/>\n<meta name=\"twitter:label1\" content=\"Escrito por\" \/>\n\t<meta name=\"twitter:data1\" content=\"cristianariasa\" \/>\n\t<meta name=\"twitter:label2\" content=\"Tiempo estimado de lectura\" \/>\n\t<meta name=\"twitter:data2\" content=\"4 minutos\" \/>\n<script type=\"application\/ld+json\" class=\"yoast-schema-graph\">{\"@context\":\"https:\/\/schema.org\",\"@graph\":[{\"@type\":\"Article\",\"@id\":\"https:\/\/terciariascapuchinasbuenpastor.org\/index.php\/2022\/09\/13\/a-las-puertas-de-iniciar-nuestro-xxiii-capitulo-general\/#article\",\"isPartOf\":{\"@id\":\"https:\/\/terciariascapuchinasbuenpastor.org\/index.php\/2022\/09\/13\/a-las-puertas-de-iniciar-nuestro-xxiii-capitulo-general\/\"},\"author\":{\"name\":\"cristianariasa\",\"@id\":\"https:\/\/terciariascapuchinasbuenpastor.org\/#\/schema\/person\/69f351a4cb81518e0ace4d1145f550ff\"},\"headline\":\"A LAS PUERTAS DE INICIAR NUESTRO XXIII CAP\u00cdTULO GENERAL\",\"datePublished\":\"2022-09-13T18:43:24+00:00\",\"dateModified\":\"2022-09-13T18:51:08+00:00\",\"mainEntityOfPage\":{\"@id\":\"https:\/\/terciariascapuchinasbuenpastor.org\/index.php\/2022\/09\/13\/a-las-puertas-de-iniciar-nuestro-xxiii-capitulo-general\/\"},\"wordCount\":682,\"commentCount\":0,\"publisher\":{\"@id\":\"https:\/\/terciariascapuchinasbuenpastor.org\/#organization\"},\"articleSection\":[\"Uncategorized\"],\"inLanguage\":\"es-CO\",\"potentialAction\":[{\"@type\":\"CommentAction\",\"name\":\"Comment\",\"target\":[\"https:\/\/terciariascapuchinasbuenpastor.org\/index.php\/2022\/09\/13\/a-las-puertas-de-iniciar-nuestro-xxiii-capitulo-general\/#respond\"]}]},{\"@type\":\"WebPage\",\"@id\":\"https:\/\/terciariascapuchinasbuenpastor.org\/index.php\/2022\/09\/13\/a-las-puertas-de-iniciar-nuestro-xxiii-capitulo-general\/\",\"url\":\"https:\/\/terciariascapuchinasbuenpastor.org\/index.php\/2022\/09\/13\/a-las-puertas-de-iniciar-nuestro-xxiii-capitulo-general\/\",\"name\":\"A LAS PUERTAS DE INICIAR NUESTRO XXIII CAP\u00cdTULO GENERAL - Terciarias Capuchinas Madre del Buen Pastor\",\"isPartOf\":{\"@id\":\"https:\/\/terciariascapuchinasbuenpastor.org\/#website\"},\"datePublished\":\"2022-09-13T18:43:24+00:00\",\"dateModified\":\"2022-09-13T18:51:08+00:00\",\"breadcrumb\":{\"@id\":\"https:\/\/terciariascapuchinasbuenpastor.org\/index.php\/2022\/09\/13\/a-las-puertas-de-iniciar-nuestro-xxiii-capitulo-general\/#breadcrumb\"},\"inLanguage\":\"es-CO\",\"potentialAction\":[{\"@type\":\"ReadAction\",\"target\":[\"https:\/\/terciariascapuchinasbuenpastor.org\/index.php\/2022\/09\/13\/a-las-puertas-de-iniciar-nuestro-xxiii-capitulo-general\/\"]}]},{\"@type\":\"BreadcrumbList\",\"@id\":\"https:\/\/terciariascapuchinasbuenpastor.org\/index.php\/2022\/09\/13\/a-las-puertas-de-iniciar-nuestro-xxiii-capitulo-general\/#breadcrumb\",\"itemListElement\":[{\"@type\":\"ListItem\",\"position\":1,\"name\":\"Inicio\",\"item\":\"https:\/\/terciariascapuchinasbuenpastor.org\/\"},{\"@type\":\"ListItem\",\"position\":2,\"name\":\"A LAS PUERTAS DE INICIAR NUESTRO XXIII CAP\u00cdTULO GENERAL\"}]},{\"@type\":\"WebSite\",\"@id\":\"https:\/\/terciariascapuchinasbuenpastor.org\/#website\",\"url\":\"https:\/\/terciariascapuchinasbuenpastor.org\/\",\"name\":\"Terciarias Capuchinas Madre del Buen Pastor\",\"description\":\"Sitio oficial - Provincia Madre del Buen Pastor\",\"publisher\":{\"@id\":\"https:\/\/terciariascapuchinasbuenpastor.org\/#organization\"},\"potentialAction\":[{\"@type\":\"SearchAction\",\"target\":{\"@type\":\"EntryPoint\",\"urlTemplate\":\"https:\/\/terciariascapuchinasbuenpastor.org\/?s={search_term_string}\"},\"query-input\":\"required name=search_term_string\"}],\"inLanguage\":\"es-CO\"},{\"@type\":\"Organization\",\"@id\":\"https:\/\/terciariascapuchinasbuenpastor.org\/#organization\",\"name\":\"Terciarias Capuchinas Madre del Buen Pastor\",\"url\":\"https:\/\/terciariascapuchinasbuenpastor.org\/\",\"sameAs\":[],\"logo\":{\"@type\":\"ImageObject\",\"inLanguage\":\"es-CO\",\"@id\":\"https:\/\/terciariascapuchinasbuenpastor.org\/#\/schema\/logo\/image\/\",\"url\":\"https:\/\/terciariascapuchinasbuenpastor.org\/wp-content\/uploads\/2022\/08\/cropped-CC_Express_20220824_1658390.8685437846145748.png\",\"contentUrl\":\"https:\/\/terciariascapuchinasbuenpastor.org\/wp-content\/uploads\/2022\/08\/cropped-CC_Express_20220824_1658390.8685437846145748.png\",\"width\":5057,\"height\":1261,\"caption\":\"Terciarias Capuchinas Madre del Buen Pastor\"},\"image\":{\"@id\":\"https:\/\/terciariascapuchinasbuenpastor.org\/#\/schema\/logo\/image\/\"}},{\"@type\":\"Person\",\"@id\":\"https:\/\/terciariascapuchinasbuenpastor.org\/#\/schema\/person\/69f351a4cb81518e0ace4d1145f550ff\",\"name\":\"cristianariasa\",\"image\":{\"@type\":\"ImageObject\",\"inLanguage\":\"es-CO\",\"@id\":\"https:\/\/terciariascapuchinasbuenpastor.org\/#\/schema\/person\/image\/\",\"url\":\"https:\/\/secure.gravatar.com\/avatar\/a8c23f0611bb89adbf3c0c72843dd831dac61407e25c4a6be24da0c9f2a005ed?s=96&d=mm&r=g\",\"contentUrl\":\"https:\/\/secure.gravatar.com\/avatar\/a8c23f0611bb89adbf3c0c72843dd831dac61407e25c4a6be24da0c9f2a005ed?s=96&d=mm&r=g\",\"caption\":\"cristianariasa\"},\"sameAs\":[\"http:\/\/terciariascapuchinasbuenpastor.org\"],\"url\":\"https:\/\/terciariascapuchinasbuenpastor.org\/index.php\/author\/cristianariasa\/\"}]}<\/script>\n<!-- \/ Yoast SEO plugin. -->","yoast_head_json":{"title":"A LAS PUERTAS DE INICIAR NUESTRO XXIII CAP\u00cdTULO GENERAL - Terciarias Capuchinas Madre del Buen Pastor","robots":{"index":"index","follow":"follow","max-snippet":"max-snippet:-1","max-image-preview":"max-image-preview:large","max-video-preview":"max-video-preview:-1"},"canonical":"https:\/\/terciariascapuchinasbuenpastor.org\/index.php\/2022\/09\/13\/a-las-puertas-de-iniciar-nuestro-xxiii-capitulo-general\/","og_locale":"es_ES","og_type":"article","og_title":"A LAS PUERTAS DE INICIAR NUESTRO XXIII CAP\u00cdTULO GENERAL - Terciarias Capuchinas Madre del Buen Pastor","og_description":"El mi\u00e9rcoles d\u00eda 7 de septiembre, por la tarde, finalizados los d\u00edas de retiro espiritual que nos han ayudado a disponer de una mejor manera el coraz\u00f3n para iniciar nuestro Cap\u00edtulo general, volvemos a casa. En la oscuridad del d\u00eda que termina, a las 20:00 horas, a luz de las antorchas, tuvo lugar una celebraci\u00f3n&hellip; Leer m\u00e1s","og_url":"https:\/\/terciariascapuchinasbuenpastor.org\/index.php\/2022\/09\/13\/a-las-puertas-de-iniciar-nuestro-xxiii-capitulo-general\/","og_site_name":"Terciarias Capuchinas Madre del Buen Pastor","article_published_time":"2022-09-13T18:43:24+00:00","article_modified_time":"2022-09-13T18:51:08+00:00","og_image":[{"width":1080,"height":810,"url":"http:\/\/terciariascapuchinasbuenpastor.org\/wp-content\/uploads\/2022\/09\/FB_IMG_1662323392011.jpg","type":"image\/jpeg"}],"author":"cristianariasa","twitter_card":"summary_large_image","twitter_misc":{"Escrito por":"cristianariasa","Tiempo estimado de lectura":"4 minutos"},"schema":{"@context":"https:\/\/schema.org","@graph":[{"@type":"Article","@id":"https:\/\/terciariascapuchinasbuenpastor.org\/index.php\/2022\/09\/13\/a-las-puertas-de-iniciar-nuestro-xxiii-capitulo-general\/#article","isPartOf":{"@id":"https:\/\/terciariascapuchinasbuenpastor.org\/index.php\/2022\/09\/13\/a-las-puertas-de-iniciar-nuestro-xxiii-capitulo-general\/"},"author":{"name":"cristianariasa","@id":"https:\/\/terciariascapuchinasbuenpastor.org\/#\/schema\/person\/69f351a4cb81518e0ace4d1145f550ff"},"headline":"A LAS PUERTAS DE INICIAR NUESTRO XXIII CAP\u00cdTULO GENERAL","datePublished":"2022-09-13T18:43:24+00:00","dateModified":"2022-09-13T18:51:08+00:00","mainEntityOfPage":{"@id":"https:\/\/terciariascapuchinasbuenpastor.org\/index.php\/2022\/09\/13\/a-las-puertas-de-iniciar-nuestro-xxiii-capitulo-general\/"},"wordCount":682,"commentCount":0,"publisher":{"@id":"https:\/\/terciariascapuchinasbuenpastor.org\/#organization"},"articleSection":["Uncategorized"],"inLanguage":"es-CO","potentialAction":[{"@type":"CommentAction","name":"Comment","target":["https:\/\/terciariascapuchinasbuenpastor.org\/index.php\/2022\/09\/13\/a-las-puertas-de-iniciar-nuestro-xxiii-capitulo-general\/#respond"]}]},{"@type":"WebPage","@id":"https:\/\/terciariascapuchinasbuenpastor.org\/index.php\/2022\/09\/13\/a-las-puertas-de-iniciar-nuestro-xxiii-capitulo-general\/","url":"https:\/\/terciariascapuchinasbuenpastor.org\/index.php\/2022\/09\/13\/a-las-puertas-de-iniciar-nuestro-xxiii-capitulo-general\/","name":"A LAS PUERTAS DE INICIAR NUESTRO XXIII CAP\u00cdTULO GENERAL - Terciarias Capuchinas Madre del Buen Pastor","isPartOf":{"@id":"https:\/\/terciariascapuchinasbuenpastor.org\/#website"},"datePublished":"2022-09-13T18:43:24+00:00","dateModified":"2022-09-13T18:51:08+00:00","breadcrumb":{"@id":"https:\/\/terciariascapuchinasbuenpastor.org\/index.php\/2022\/09\/13\/a-las-puertas-de-iniciar-nuestro-xxiii-capitulo-general\/#breadcrumb"},"inLanguage":"es-CO","potentialAction":[{"@type":"ReadAction","target":["https:\/\/terciariascapuchinasbuenpastor.org\/index.php\/2022\/09\/13\/a-las-puertas-de-iniciar-nuestro-xxiii-capitulo-general\/"]}]},{"@type":"BreadcrumbList","@id":"https:\/\/terciariascapuchinasbuenpastor.org\/index.php\/2022\/09\/13\/a-las-puertas-de-iniciar-nuestro-xxiii-capitulo-general\/#breadcrumb","itemListElement":[{"@type":"ListItem","position":1,"name":"Inicio","item":"https:\/\/terciariascapuchinasbuenpastor.org\/"},{"@type":"ListItem","position":2,"name":"A LAS PUERTAS DE INICIAR NUESTRO XXIII CAP\u00cdTULO GENERAL"}]},{"@type":"WebSite","@id":"https:\/\/terciariascapuchinasbuenpastor.org\/#website","url":"https:\/\/terciariascapuchinasbuenpastor.org\/","name":"Terciarias Capuchinas Madre del Buen Pastor","description":"Sitio oficial - Provincia Madre del Buen Pastor","publisher":{"@id":"https:\/\/terciariascapuchinasbuenpastor.org\/#organization"},"potentialAction":[{"@type":"SearchAction","target":{"@type":"EntryPoint","urlTemplate":"https:\/\/terciariascapuchinasbuenpastor.org\/?s={search_term_string}"},"query-input":"required name=search_term_string"}],"inLanguage":"es-CO"},{"@type":"Organization","@id":"https:\/\/terciariascapuchinasbuenpastor.org\/#organization","name":"Terciarias Capuchinas Madre del Buen Pastor","url":"https:\/\/terciariascapuchinasbuenpastor.org\/","sameAs":[],"logo":{"@type":"ImageObject","inLanguage":"es-CO","@id":"https:\/\/terciariascapuchinasbuenpastor.org\/#\/schema\/logo\/image\/","url":"https:\/\/terciariascapuchinasbuenpastor.org\/wp-content\/uploads\/2022\/08\/cropped-CC_Express_20220824_1658390.8685437846145748.png","contentUrl":"https:\/\/terciariascapuchinasbuenpastor.org\/wp-content\/uploads\/2022\/08\/cropped-CC_Express_20220824_1658390.8685437846145748.png","width":5057,"height":1261,"caption":"Terciarias Capuchinas Madre del Buen Pastor"},"image":{"@id":"https:\/\/terciariascapuchinasbuenpastor.org\/#\/schema\/logo\/image\/"}},{"@type":"Person","@id":"https:\/\/terciariascapuchinasbuenpastor.org\/#\/schema\/person\/69f351a4cb81518e0ace4d1145f550ff","name":"cristianariasa","image":{"@type":"ImageObject","inLanguage":"es-CO","@id":"https:\/\/terciariascapuchinasbuenpastor.org\/#\/schema\/person\/image\/","url":"https:\/\/secure.gravatar.com\/avatar\/a8c23f0611bb89adbf3c0c72843dd831dac61407e25c4a6be24da0c9f2a005ed?s=96&d=mm&r=g","contentUrl":"https:\/\/secure.gravatar.com\/avatar\/a8c23f0611bb89adbf3c0c72843dd831dac61407e25c4a6be24da0c9f2a005ed?s=96&d=mm&r=g","caption":"cristianariasa"},"sameAs":["http:\/\/terciariascapuchinasbuenpastor.org"],"url":"https:\/\/terciariascapuchinasbuenpastor.org\/index.php\/author\/cristianariasa\/"}]}},"_links":{"self":[{"href":"https:\/\/terciariascapuchinasbuenpastor.org\/index.php\/wp-json\/wp\/v2\/posts\/3763","targetHints":{"allow":["GET"]}}],"collection":[{"href":"https:\/\/terciariascapuchinasbuenpastor.org\/index.php\/wp-json\/wp\/v2\/posts"}],"about":[{"href":"https:\/\/terciariascapuchinasbuenpastor.org\/index.php\/wp-json\/wp\/v2\/types\/post"}],"author":[{"embeddable":true,"href":"https:\/\/terciariascapuchinasbuenpastor.org\/index.php\/wp-json\/wp\/v2\/users\/1"}],"replies":[{"embeddable":true,"href":"https:\/\/terciariascapuchinasbuenpastor.org\/index.php\/wp-json\/wp\/v2\/comments?post=3763"}],"version-history":[{"count":7,"href":"https:\/\/terciariascapuchinasbuenpastor.org\/index.php\/wp-json\/wp\/v2\/posts\/3763\/revisions"}],"predecessor-version":[{"id":3773,"href":"https:\/\/terciariascapuchinasbuenpastor.org\/index.php\/wp-json\/wp\/v2\/posts\/3763\/revisions\/3773"}],"wp:featuredmedia":[{"embeddable":true,"href":"https:\/\/terciariascapuchinasbuenpastor.org\/index.php\/wp-json\/wp\/v2\/media\/3674"}],"wp:attachment":[{"href":"https:\/\/terciariascapuchinasbuenpastor.org\/index.php\/wp-json\/wp\/v2\/media?parent=3763"}],"wp:term":[{"taxonomy":"category","embeddable":true,"href":"https:\/\/terciariascapuchinasbuenpastor.org\/index.php\/wp-json\/wp\/v2\/categories?post=3763"},{"taxonomy":"post_tag","embeddable":true,"href":"https:\/\/terciariascapuchinasbuenpastor.org\/index.php\/wp-json\/wp\/v2\/tags?post=3763"}],"curies":[{"name":"wp","href":"https:\/\/api.w.org\/{rel}","templated":true}]}}