{"id":5575,"date":"2026-04-29T21:44:34","date_gmt":"2026-04-29T21:44:34","guid":{"rendered":"https:\/\/terciariascapuchinasbuenpastor.org\/?p=5575"},"modified":"2026-04-29T21:45:00","modified_gmt":"2026-04-29T21:45:00","slug":"fiesta-patronal-y-bodas-de-las-hermanas","status":"publish","type":"post","link":"https:\/\/terciariascapuchinasbuenpastor.org\/index.php\/2026\/04\/29\/fiesta-patronal-y-bodas-de-las-hermanas\/","title":{"rendered":"Fiesta Patronal y Bodas de las hermanas"},"content":{"rendered":"\t\t<div data-elementor-type=\"wp-post\" data-elementor-id=\"5575\" class=\"elementor elementor-5575\">\n\t\t\t\t\t\t\t\t\t<section class=\"elementor-section elementor-top-section elementor-element elementor-element-3328c81 elementor-section-boxed elementor-section-height-default elementor-section-height-default\" data-id=\"3328c81\" data-element_type=\"section\">\n\t\t\t\t\t\t<div class=\"elementor-container elementor-column-gap-default\">\n\t\t\t\t\t<div class=\"elementor-column elementor-col-100 elementor-top-column elementor-element elementor-element-5813ec3\" data-id=\"5813ec3\" data-element_type=\"column\">\n\t\t\t<div class=\"elementor-widget-wrap elementor-element-populated\">\n\t\t\t\t\t\t\t\t<div class=\"elementor-element elementor-element-ce06ce0 elementor-widget elementor-widget-text-editor\" data-id=\"ce06ce0\" data-element_type=\"widget\" data-widget_type=\"text-editor.default\">\n\t\t\t\t<div class=\"elementor-widget-container\">\n\t\t\t<style>\/*! elementor - v3.7.1 - 14-08-2022 *\/\n.elementor-widget-text-editor.elementor-drop-cap-view-stacked .elementor-drop-cap{background-color:#818a91;color:#fff}.elementor-widget-text-editor.elementor-drop-cap-view-framed .elementor-drop-cap{color:#818a91;border:3px solid;background-color:transparent}.elementor-widget-text-editor:not(.elementor-drop-cap-view-default) .elementor-drop-cap{margin-top:8px}.elementor-widget-text-editor:not(.elementor-drop-cap-view-default) .elementor-drop-cap-letter{width:1em;height:1em}.elementor-widget-text-editor .elementor-drop-cap{float:left;text-align:center;line-height:1;font-size:50px}.elementor-widget-text-editor .elementor-drop-cap-letter{display:inline-block}<\/style>\t\t\t\t<p style=\"text-align: center;\"><strong><span style=\"color: #800000;\">CELEBRACI\u00d3N DE NUESTRA FIESTA PATRONAL Y BODAS DE LAS HERMANAS<\/span><\/strong><\/p><p style=\"text-align: center;\"><strong><span style=\"color: #800000;\"> JEANNETTE ROC\u00cdO LIMAS YA\u00d1ES Y MAR\u00cdA CRISTINA BUENO MILLAN<\/span><\/strong><\/p><hr \/><p style=\"text-align: center;\">\u00a0<\/p>\t\t\t\t\t\t<\/div>\n\t\t\t\t<\/div>\n\t\t\t\t\t<\/div>\n\t\t<\/div>\n\t\t\t\t\t\t\t<\/div>\n\t\t<\/section>\n\t\t\t\t<section class=\"elementor-section elementor-top-section elementor-element elementor-element-fea29c2 elementor-section-boxed elementor-section-height-default elementor-section-height-default\" data-id=\"fea29c2\" data-element_type=\"section\">\n\t\t\t\t\t\t<div class=\"elementor-container elementor-column-gap-default\">\n\t\t\t\t\t<div class=\"elementor-column elementor-col-50 elementor-top-column elementor-element elementor-element-0d22312\" data-id=\"0d22312\" data-element_type=\"column\">\n\t\t\t<div class=\"elementor-widget-wrap elementor-element-populated\">\n\t\t\t\t\t\t\t\t<div class=\"elementor-element elementor-element-403ef36 elementor-widget elementor-widget-text-editor\" data-id=\"403ef36\" data-element_type=\"widget\" data-widget_type=\"text-editor.default\">\n\t\t\t\t<div class=\"elementor-widget-container\">\n\t\t\t\t\t\t\t<p>Este a\u00f1o 2026 nuestra Provincia Madre del Buen Pastor est\u00e1 celebrando su noveno aniversario de erecci\u00f3n Can\u00f3nica; la fiesta lit\u00fargica correspondi\u00f3 al d\u00eda 25 de abril, v\u00edspera del domingo d\u00eda del Buen Pastor.<\/p><p>En el marco de esta celebraci\u00f3n, la Provincia celebr\u00f3 el 25 aniversario de profesi\u00f3n religiosa de las hermanas Mar\u00eda Cristina Bueno Mill\u00e1n y Jeannette Roc\u00edo Limas Y\u00e1\u00f1ez.<\/p>\t\t\t\t\t\t<\/div>\n\t\t\t\t<\/div>\n\t\t\t\t\t<\/div>\n\t\t<\/div>\n\t\t\t\t<div class=\"elementor-column elementor-col-50 elementor-top-column elementor-element elementor-element-a9f2d53\" data-id=\"a9f2d53\" data-element_type=\"column\">\n\t\t\t<div class=\"elementor-widget-wrap elementor-element-populated\">\n\t\t\t\t\t\t\t\t<div class=\"elementor-element elementor-element-98f6e60 elementor-widget elementor-widget-image\" data-id=\"98f6e60\" data-element_type=\"widget\" data-widget_type=\"image.default\">\n\t\t\t\t<div class=\"elementor-widget-container\">\n\t\t\t<style>\/*! elementor - v3.7.1 - 14-08-2022 *\/\n.elementor-widget-image{text-align:center}.elementor-widget-image a{display:inline-block}.elementor-widget-image a img[src$=\".svg\"]{width:48px}.elementor-widget-image img{vertical-align:middle;display:inline-block}<\/style>\t\t\t\t\t\t\t\t\t\t\t\t<img loading=\"lazy\" decoding=\"async\" width=\"269\" height=\"300\" src=\"https:\/\/terciariascapuchinasbuenpastor.org\/wp-content\/uploads\/2026\/04\/foto01_292026-269x300.jpg\" class=\"attachment-medium size-medium\" alt=\"\" srcset=\"https:\/\/terciariascapuchinasbuenpastor.org\/wp-content\/uploads\/2026\/04\/foto01_292026-269x300.jpg 269w, https:\/\/terciariascapuchinasbuenpastor.org\/wp-content\/uploads\/2026\/04\/foto01_292026.jpg 300w\" sizes=\"auto, (max-width: 269px) 100vw, 269px\" \/>\t\t\t\t\t\t\t\t\t\t\t\t\t\t\t<\/div>\n\t\t\t\t<\/div>\n\t\t\t\t\t<\/div>\n\t\t<\/div>\n\t\t\t\t\t\t\t<\/div>\n\t\t<\/section>\n\t\t\t\t<section class=\"elementor-section elementor-top-section elementor-element elementor-element-c303d73 elementor-section-boxed elementor-section-height-default elementor-section-height-default\" data-id=\"c303d73\" data-element_type=\"section\">\n\t\t\t\t\t\t<div class=\"elementor-container elementor-column-gap-default\">\n\t\t\t\t\t<div class=\"elementor-column elementor-col-50 elementor-top-column elementor-element elementor-element-0b9e0f2\" data-id=\"0b9e0f2\" data-element_type=\"column\">\n\t\t\t<div class=\"elementor-widget-wrap elementor-element-populated\">\n\t\t\t\t\t\t\t\t<div class=\"elementor-element elementor-element-2ca3d45 elementor-widget elementor-widget-image\" data-id=\"2ca3d45\" data-element_type=\"widget\" data-widget_type=\"image.default\">\n\t\t\t\t<div class=\"elementor-widget-container\">\n\t\t\t\t\t\t\t\t\t\t\t\t\t\t\t<img loading=\"lazy\" decoding=\"async\" width=\"236\" height=\"300\" src=\"https:\/\/terciariascapuchinasbuenpastor.org\/wp-content\/uploads\/2026\/04\/foto02_292026-236x300.jpg\" class=\"attachment-medium size-medium\" alt=\"H. Mar\u00eda Cristina y Jannette Roc\u00edo\" srcset=\"https:\/\/terciariascapuchinasbuenpastor.org\/wp-content\/uploads\/2026\/04\/foto02_292026-236x300.jpg 236w, https:\/\/terciariascapuchinasbuenpastor.org\/wp-content\/uploads\/2026\/04\/foto02_292026.jpg 280w\" sizes=\"auto, (max-width: 236px) 100vw, 236px\" \/>\t\t\t\t\t\t\t\t\t\t\t\t\t\t\t<\/div>\n\t\t\t\t<\/div>\n\t\t\t\t\t<\/div>\n\t\t<\/div>\n\t\t\t\t<div class=\"elementor-column elementor-col-50 elementor-top-column elementor-element elementor-element-a64cf8f\" data-id=\"a64cf8f\" data-element_type=\"column\">\n\t\t\t<div class=\"elementor-widget-wrap elementor-element-populated\">\n\t\t\t\t\t\t\t\t<div class=\"elementor-element elementor-element-f0fa4b9 elementor-widget elementor-widget-text-editor\" data-id=\"f0fa4b9\" data-element_type=\"widget\" data-widget_type=\"text-editor.default\">\n\t\t\t\t<div class=\"elementor-widget-container\">\n\t\t\t\t\t\t\t<p>\u00a0<\/p><p>\u00a0<\/p><p>La solemne Eucarist\u00eda tuvo lugar en el Colegio Santa Teresa de Jes\u00fas en Fontib\u00f3n y fue presidida por el sacerdote diocesano Javier Monar y concelebrada por el padre V\u00edctor Estrada Arredondo, ambos sacerdotes muy cercanos a las hermanas homenajeadas y a la comunidad.<\/p>\t\t\t\t\t\t<\/div>\n\t\t\t\t<\/div>\n\t\t\t\t\t<\/div>\n\t\t<\/div>\n\t\t\t\t\t\t\t<\/div>\n\t\t<\/section>\n\t\t\t\t<section class=\"elementor-section elementor-top-section elementor-element elementor-element-feaca49 elementor-section-boxed elementor-section-height-default elementor-section-height-default\" data-id=\"feaca49\" data-element_type=\"section\">\n\t\t\t\t\t\t<div class=\"elementor-container elementor-column-gap-default\">\n\t\t\t\t\t<div class=\"elementor-column elementor-col-33 elementor-top-column elementor-element elementor-element-b391a23\" data-id=\"b391a23\" data-element_type=\"column\">\n\t\t\t<div class=\"elementor-widget-wrap elementor-element-populated\">\n\t\t\t\t\t\t\t\t<div class=\"elementor-element elementor-element-6b14a38 elementor-widget elementor-widget-text-editor\" data-id=\"6b14a38\" data-element_type=\"widget\" data-widget_type=\"text-editor.default\">\n\t\t\t\t<div class=\"elementor-widget-container\">\n\t\t\t\t\t\t\t<p>\u00a0<\/p><p>\u00a0<\/p><p>La entrada procesional fue presidida por el cuadro de la Madre del Buen Pastor y la Eucarist\u00eda tuvo adem\u00e1s un colorido franciscano por motivo de los 800 a\u00f1os de la Pascua de San Francisco de As\u00eds.<\/p>\t\t\t\t\t\t<\/div>\n\t\t\t\t<\/div>\n\t\t\t\t\t<\/div>\n\t\t<\/div>\n\t\t\t\t<div class=\"elementor-column elementor-col-33 elementor-top-column elementor-element elementor-element-72d39f2\" data-id=\"72d39f2\" data-element_type=\"column\">\n\t\t\t<div class=\"elementor-widget-wrap elementor-element-populated\">\n\t\t\t\t\t\t\t\t<div class=\"elementor-element elementor-element-1852d32 elementor-widget elementor-widget-image\" data-id=\"1852d32\" data-element_type=\"widget\" data-widget_type=\"image.default\">\n\t\t\t\t<div class=\"elementor-widget-container\">\n\t\t\t\t\t\t\t\t\t\t\t\t\t\t\t<img loading=\"lazy\" decoding=\"async\" width=\"187\" height=\"300\" src=\"https:\/\/terciariascapuchinasbuenpastor.org\/wp-content\/uploads\/2026\/04\/foto03_292026-187x300.jpg\" class=\"attachment-medium size-medium\" alt=\"La Sant\u00edsima Virgen Mar\u00eda Madre del Buen Pastor\" srcset=\"https:\/\/terciariascapuchinasbuenpastor.org\/wp-content\/uploads\/2026\/04\/foto03_292026-187x300.jpg 187w, https:\/\/terciariascapuchinasbuenpastor.org\/wp-content\/uploads\/2026\/04\/foto03_292026.jpg 253w\" sizes=\"auto, (max-width: 187px) 100vw, 187px\" \/>\t\t\t\t\t\t\t\t\t\t\t\t\t\t\t<\/div>\n\t\t\t\t<\/div>\n\t\t\t\t\t<\/div>\n\t\t<\/div>\n\t\t\t\t<div class=\"elementor-column elementor-col-33 elementor-top-column elementor-element elementor-element-48400b8\" data-id=\"48400b8\" data-element_type=\"column\">\n\t\t\t<div class=\"elementor-widget-wrap elementor-element-populated\">\n\t\t\t\t\t\t\t\t<div class=\"elementor-element elementor-element-b6d5b47 elementor-widget elementor-widget-image\" data-id=\"b6d5b47\" data-element_type=\"widget\" data-widget_type=\"image.default\">\n\t\t\t\t<div class=\"elementor-widget-container\">\n\t\t\t\t\t\t\t\t\t\t\t\t\t\t\t<img loading=\"lazy\" decoding=\"async\" width=\"145\" height=\"300\" src=\"https:\/\/terciariascapuchinasbuenpastor.org\/wp-content\/uploads\/2026\/04\/foto04_292026-145x300.jpg\" class=\"attachment-medium size-medium\" alt=\"San Francisco de As\u00eds\" srcset=\"https:\/\/terciariascapuchinasbuenpastor.org\/wp-content\/uploads\/2026\/04\/foto04_292026-145x300.jpg 145w, https:\/\/terciariascapuchinasbuenpastor.org\/wp-content\/uploads\/2026\/04\/foto04_292026.jpg 236w\" sizes=\"auto, (max-width: 145px) 100vw, 145px\" \/>\t\t\t\t\t\t\t\t\t\t\t\t\t\t\t<\/div>\n\t\t\t\t<\/div>\n\t\t\t\t\t<\/div>\n\t\t<\/div>\n\t\t\t\t\t\t\t<\/div>\n\t\t<\/section>\n\t\t\t\t<section class=\"elementor-section elementor-top-section elementor-element elementor-element-cea61d8 elementor-section-boxed elementor-section-height-default elementor-section-height-default\" data-id=\"cea61d8\" data-element_type=\"section\">\n\t\t\t\t\t\t<div class=\"elementor-container elementor-column-gap-default\">\n\t\t\t\t\t<div class=\"elementor-column elementor-col-50 elementor-top-column elementor-element elementor-element-61a9815\" data-id=\"61a9815\" data-element_type=\"column\">\n\t\t\t<div class=\"elementor-widget-wrap elementor-element-populated\">\n\t\t\t\t\t\t\t\t<div class=\"elementor-element elementor-element-a75108d elementor-widget elementor-widget-image\" data-id=\"a75108d\" data-element_type=\"widget\" data-widget_type=\"image.default\">\n\t\t\t\t<div class=\"elementor-widget-container\">\n\t\t\t\t\t\t\t\t\t\t\t\t\t\t\t<img loading=\"lazy\" decoding=\"async\" width=\"531\" height=\"239\" src=\"https:\/\/terciariascapuchinasbuenpastor.org\/wp-content\/uploads\/2026\/04\/foto05_292026.jpg\" class=\"attachment-large size-large\" alt=\"\" srcset=\"https:\/\/terciariascapuchinasbuenpastor.org\/wp-content\/uploads\/2026\/04\/foto05_292026.jpg 531w, https:\/\/terciariascapuchinasbuenpastor.org\/wp-content\/uploads\/2026\/04\/foto05_292026-300x135.jpg 300w\" sizes=\"auto, (max-width: 531px) 100vw, 531px\" \/>\t\t\t\t\t\t\t\t\t\t\t\t\t\t\t<\/div>\n\t\t\t\t<\/div>\n\t\t\t\t\t<\/div>\n\t\t<\/div>\n\t\t\t\t<div class=\"elementor-column elementor-col-50 elementor-top-column elementor-element elementor-element-288078d\" data-id=\"288078d\" data-element_type=\"column\">\n\t\t\t<div class=\"elementor-widget-wrap elementor-element-populated\">\n\t\t\t\t\t\t\t\t<div class=\"elementor-element elementor-element-accc950 elementor-widget elementor-widget-text-editor\" data-id=\"accc950\" data-element_type=\"widget\" data-widget_type=\"text-editor.default\">\n\t\t\t\t<div class=\"elementor-widget-container\">\n\t\t\t\t\t\t\t<p>\u00a0<\/p><p>\u00a0<\/p><p>Acompa\u00f1aron a las hermanas homenajeadas, muchas hermanas, sus familias, amigos y personas cercanas a la Provincia.<\/p>\t\t\t\t\t\t<\/div>\n\t\t\t\t<\/div>\n\t\t\t\t\t<\/div>\n\t\t<\/div>\n\t\t\t\t\t\t\t<\/div>\n\t\t<\/section>\n\t\t\t\t<section class=\"elementor-section elementor-top-section elementor-element elementor-element-ef13105 elementor-section-boxed elementor-section-height-default elementor-section-height-default\" data-id=\"ef13105\" data-element_type=\"section\">\n\t\t\t\t\t\t<div class=\"elementor-container elementor-column-gap-default\">\n\t\t\t\t\t<div class=\"elementor-column elementor-col-100 elementor-top-column elementor-element elementor-element-11bef49\" data-id=\"11bef49\" data-element_type=\"column\">\n\t\t\t<div class=\"elementor-widget-wrap elementor-element-populated\">\n\t\t\t\t\t\t\t\t<div class=\"elementor-element elementor-element-d826643 elementor-widget elementor-widget-spacer\" data-id=\"d826643\" data-element_type=\"widget\" data-widget_type=\"spacer.default\">\n\t\t\t\t<div class=\"elementor-widget-container\">\n\t\t\t<style>\/*! elementor - v3.7.1 - 14-08-2022 *\/\n.elementor-column .elementor-spacer-inner{height:var(--spacer-size)}.e-container{--container-widget-width:100%}.e-container>.elementor-widget-spacer{width:var(--container-widget-width,var(--spacer-size));-ms-flex-item-align:stretch;align-self:stretch;-ms-flex-negative:0;flex-shrink:0}.e-container>.elementor-widget-spacer>.elementor-widget-container,.e-container>.elementor-widget-spacer>.elementor-widget-container>.elementor-spacer{height:100%}.e-container>.elementor-widget-spacer>.elementor-widget-container>.elementor-spacer>.elementor-spacer-inner{height:var(--container-widget-height,var(--spacer-size))}<\/style>\t\t<div class=\"elementor-spacer\">\n\t\t\t<div class=\"elementor-spacer-inner\"><\/div>\n\t\t<\/div>\n\t\t\t\t<\/div>\n\t\t\t\t<\/div>\n\t\t\t\t<div class=\"elementor-element elementor-element-a405048 elementor-widget elementor-widget-heading\" data-id=\"a405048\" data-element_type=\"widget\" data-widget_type=\"heading.default\">\n\t\t\t\t<div class=\"elementor-widget-container\">\n\t\t\t<style>\/*! elementor - v3.7.1 - 14-08-2022 *\/\n.elementor-heading-title{padding:0;margin:0;line-height:1}.elementor-widget-heading .elementor-heading-title[class*=elementor-size-]>a{color:inherit;font-size:inherit;line-height:inherit}.elementor-widget-heading .elementor-heading-title.elementor-size-small{font-size:15px}.elementor-widget-heading .elementor-heading-title.elementor-size-medium{font-size:19px}.elementor-widget-heading .elementor-heading-title.elementor-size-large{font-size:29px}.elementor-widget-heading .elementor-heading-title.elementor-size-xl{font-size:39px}.elementor-widget-heading .elementor-heading-title.elementor-size-xxl{font-size:59px}<\/style><h1 class=\"elementor-heading-title elementor-size-large\">\nCelebrando la fiesta Patronal en otras Regionales<\/h1>\t\t<\/div>\n\t\t\t\t<\/div>\n\t\t\t\t\t<\/div>\n\t\t<\/div>\n\t\t\t\t\t\t\t<\/div>\n\t\t<\/section>\n\t\t\t\t<section class=\"elementor-section elementor-top-section elementor-element elementor-element-5a50b35 elementor-section-boxed elementor-section-height-default elementor-section-height-default\" data-id=\"5a50b35\" data-element_type=\"section\">\n\t\t\t\t\t\t<div class=\"elementor-container elementor-column-gap-default\">\n\t\t\t\t\t<div class=\"elementor-column elementor-col-25 elementor-top-column elementor-element elementor-element-51d6c9f\" data-id=\"51d6c9f\" data-element_type=\"column\">\n\t\t\t<div class=\"elementor-widget-wrap elementor-element-populated\">\n\t\t\t\t\t\t\t\t<div class=\"elementor-element elementor-element-348549e elementor-widget elementor-widget-image\" data-id=\"348549e\" data-element_type=\"widget\" data-widget_type=\"image.default\">\n\t\t\t\t<div class=\"elementor-widget-container\">\n\t\t\t\t\t\t\t\t\t\t\t\t\t\t\t<img loading=\"lazy\" decoding=\"async\" width=\"366\" height=\"274\" src=\"https:\/\/terciariascapuchinasbuenpastor.org\/wp-content\/uploads\/2026\/04\/foto06_292026.jpg\" class=\"attachment-large size-large\" alt=\"\" srcset=\"https:\/\/terciariascapuchinasbuenpastor.org\/wp-content\/uploads\/2026\/04\/foto06_292026.jpg 366w, https:\/\/terciariascapuchinasbuenpastor.org\/wp-content\/uploads\/2026\/04\/foto06_292026-300x225.jpg 300w\" sizes=\"auto, (max-width: 366px) 100vw, 366px\" \/>\t\t\t\t\t\t\t\t\t\t\t\t\t\t\t<\/div>\n\t\t\t\t<\/div>\n\t\t\t\t\t<\/div>\n\t\t<\/div>\n\t\t\t\t<div class=\"elementor-column elementor-col-25 elementor-top-column elementor-element elementor-element-67b2e61\" data-id=\"67b2e61\" data-element_type=\"column\">\n\t\t\t<div class=\"elementor-widget-wrap elementor-element-populated\">\n\t\t\t\t\t\t\t\t<div class=\"elementor-element elementor-element-7309708 elementor-widget elementor-widget-image\" data-id=\"7309708\" data-element_type=\"widget\" data-widget_type=\"image.default\">\n\t\t\t\t<div class=\"elementor-widget-container\">\n\t\t\t\t\t\t\t\t\t\t\t\t\t\t\t<img loading=\"lazy\" decoding=\"async\" width=\"560\" height=\"330\" src=\"https:\/\/terciariascapuchinasbuenpastor.org\/wp-content\/uploads\/2026\/04\/foto07_292026.jpg\" class=\"attachment-large size-large\" alt=\"\" srcset=\"https:\/\/terciariascapuchinasbuenpastor.org\/wp-content\/uploads\/2026\/04\/foto07_292026.jpg 560w, https:\/\/terciariascapuchinasbuenpastor.org\/wp-content\/uploads\/2026\/04\/foto07_292026-300x177.jpg 300w\" sizes=\"auto, (max-width: 560px) 100vw, 560px\" \/>\t\t\t\t\t\t\t\t\t\t\t\t\t\t\t<\/div>\n\t\t\t\t<\/div>\n\t\t\t\t\t<\/div>\n\t\t<\/div>\n\t\t\t\t<div class=\"elementor-column elementor-col-25 elementor-top-column elementor-element elementor-element-f3e232d\" data-id=\"f3e232d\" data-element_type=\"column\">\n\t\t\t<div class=\"elementor-widget-wrap elementor-element-populated\">\n\t\t\t\t\t\t\t\t<div class=\"elementor-element elementor-element-6735538 elementor-widget elementor-widget-image\" data-id=\"6735538\" data-element_type=\"widget\" data-widget_type=\"image.default\">\n\t\t\t\t<div class=\"elementor-widget-container\">\n\t\t\t\t\t\t\t\t\t\t\t\t\t\t\t<img loading=\"lazy\" decoding=\"async\" width=\"472\" height=\"334\" src=\"https:\/\/terciariascapuchinasbuenpastor.org\/wp-content\/uploads\/2026\/04\/foto09_292026.jpg\" class=\"attachment-large size-large\" alt=\"\" srcset=\"https:\/\/terciariascapuchinasbuenpastor.org\/wp-content\/uploads\/2026\/04\/foto09_292026.jpg 472w, https:\/\/terciariascapuchinasbuenpastor.org\/wp-content\/uploads\/2026\/04\/foto09_292026-300x212.jpg 300w\" sizes=\"auto, (max-width: 472px) 100vw, 472px\" \/>\t\t\t\t\t\t\t\t\t\t\t\t\t\t\t<\/div>\n\t\t\t\t<\/div>\n\t\t\t\t\t<\/div>\n\t\t<\/div>\n\t\t\t\t<div class=\"elementor-column elementor-col-25 elementor-top-column elementor-element elementor-element-b616a27\" data-id=\"b616a27\" data-element_type=\"column\">\n\t\t\t<div class=\"elementor-widget-wrap elementor-element-populated\">\n\t\t\t\t\t\t\t\t<div class=\"elementor-element elementor-element-65617a4 elementor-widget elementor-widget-image\" data-id=\"65617a4\" data-element_type=\"widget\" data-widget_type=\"image.default\">\n\t\t\t\t<div class=\"elementor-widget-container\">\n\t\t\t\t\t\t\t\t\t\t\t\t\t\t\t<img loading=\"lazy\" decoding=\"async\" width=\"475\" height=\"361\" src=\"https:\/\/terciariascapuchinasbuenpastor.org\/wp-content\/uploads\/2026\/04\/foto10_292026.jpg\" class=\"attachment-large size-large\" alt=\"\" srcset=\"https:\/\/terciariascapuchinasbuenpastor.org\/wp-content\/uploads\/2026\/04\/foto10_292026.jpg 475w, https:\/\/terciariascapuchinasbuenpastor.org\/wp-content\/uploads\/2026\/04\/foto10_292026-300x228.jpg 300w\" sizes=\"auto, (max-width: 475px) 100vw, 475px\" \/>\t\t\t\t\t\t\t\t\t\t\t\t\t\t\t<\/div>\n\t\t\t\t<\/div>\n\t\t\t\t\t<\/div>\n\t\t<\/div>\n\t\t\t\t\t\t\t<\/div>\n\t\t<\/section>\n\t\t\t\t<section class=\"elementor-section elementor-top-section elementor-element elementor-element-59cce4e elementor-section-boxed elementor-section-height-default elementor-section-height-default\" data-id=\"59cce4e\" data-element_type=\"section\">\n\t\t\t\t\t\t<div class=\"elementor-container elementor-column-gap-default\">\n\t\t\t\t\t<div class=\"elementor-column elementor-col-33 elementor-top-column elementor-element elementor-element-5b1caa8\" data-id=\"5b1caa8\" data-element_type=\"column\">\n\t\t\t<div class=\"elementor-widget-wrap elementor-element-populated\">\n\t\t\t\t\t\t\t\t<div class=\"elementor-element elementor-element-9355eeb elementor-widget elementor-widget-text-editor\" data-id=\"9355eeb\" data-element_type=\"widget\" data-widget_type=\"text-editor.default\">\n\t\t\t\t<div class=\"elementor-widget-container\">\n\t\t\t\t\t\t\t<p style=\"text-align: center;\"><strong>Santander<\/strong><\/p>\t\t\t\t\t\t<\/div>\n\t\t\t\t<\/div>\n\t\t\t\t\t<\/div>\n\t\t<\/div>\n\t\t\t\t<div class=\"elementor-column elementor-col-33 elementor-top-column elementor-element elementor-element-f6427f1\" data-id=\"f6427f1\" data-element_type=\"column\">\n\t\t\t<div class=\"elementor-widget-wrap elementor-element-populated\">\n\t\t\t\t\t\t\t\t<div class=\"elementor-element elementor-element-aa7d716 elementor-widget elementor-widget-text-editor\" data-id=\"aa7d716\" data-element_type=\"widget\" data-widget_type=\"text-editor.default\">\n\t\t\t\t<div class=\"elementor-widget-container\">\n\t\t\t\t\t\t\t<p style=\"text-align: center;\"><strong>Argentina<\/strong><\/p>\t\t\t\t\t\t<\/div>\n\t\t\t\t<\/div>\n\t\t\t\t\t<\/div>\n\t\t<\/div>\n\t\t\t\t<div class=\"elementor-column elementor-col-33 elementor-top-column elementor-element elementor-element-b3f4c6f\" data-id=\"b3f4c6f\" data-element_type=\"column\">\n\t\t\t<div class=\"elementor-widget-wrap elementor-element-populated\">\n\t\t\t\t\t\t\t\t<div class=\"elementor-element elementor-element-aed2ea0 elementor-widget elementor-widget-text-editor\" data-id=\"aed2ea0\" data-element_type=\"widget\" data-widget_type=\"text-editor.default\">\n\t\t\t\t<div class=\"elementor-widget-container\">\n\t\t\t\t\t\t\t<p style=\"text-align: center;\"><strong>Casa de hermanas mayores de Ema\u00fas. Comunidad de Armenia y Comunidades de Tulu\u00e1.<\/strong><\/p>\t\t\t\t\t\t<\/div>\n\t\t\t\t<\/div>\n\t\t\t\t\t<\/div>\n\t\t<\/div>\n\t\t\t\t\t\t\t<\/div>\n\t\t<\/section>\n\t\t\t\t<section class=\"elementor-section elementor-top-section elementor-element elementor-element-ce3bdc0 elementor-section-boxed elementor-section-height-default elementor-section-height-default\" data-id=\"ce3bdc0\" data-element_type=\"section\">\n\t\t\t\t\t\t<div class=\"elementor-container elementor-column-gap-default\">\n\t\t\t\t\t<div class=\"elementor-column elementor-col-25 elementor-top-column elementor-element elementor-element-430ce05\" data-id=\"430ce05\" data-element_type=\"column\">\n\t\t\t<div class=\"elementor-widget-wrap elementor-element-populated\">\n\t\t\t\t\t\t\t\t<div class=\"elementor-element elementor-element-830a942 elementor-widget elementor-widget-image\" data-id=\"830a942\" data-element_type=\"widget\" data-widget_type=\"image.default\">\n\t\t\t\t<div class=\"elementor-widget-container\">\n\t\t\t\t\t\t\t\t\t\t\t\t\t\t\t<img loading=\"lazy\" decoding=\"async\" width=\"331\" height=\"359\" src=\"https:\/\/terciariascapuchinasbuenpastor.org\/wp-content\/uploads\/2026\/04\/foto11_292026.jpg\" class=\"attachment-large size-large\" alt=\"\" srcset=\"https:\/\/terciariascapuchinasbuenpastor.org\/wp-content\/uploads\/2026\/04\/foto11_292026.jpg 331w, https:\/\/terciariascapuchinasbuenpastor.org\/wp-content\/uploads\/2026\/04\/foto11_292026-277x300.jpg 277w\" sizes=\"auto, (max-width: 331px) 100vw, 331px\" \/>\t\t\t\t\t\t\t\t\t\t\t\t\t\t\t<\/div>\n\t\t\t\t<\/div>\n\t\t\t\t\t<\/div>\n\t\t<\/div>\n\t\t\t\t<div class=\"elementor-column elementor-col-25 elementor-top-column elementor-element elementor-element-de1ad73\" data-id=\"de1ad73\" data-element_type=\"column\">\n\t\t\t<div class=\"elementor-widget-wrap elementor-element-populated\">\n\t\t\t\t\t\t\t\t<div class=\"elementor-element elementor-element-5cd403c elementor-widget elementor-widget-image\" data-id=\"5cd403c\" data-element_type=\"widget\" data-widget_type=\"image.default\">\n\t\t\t\t<div class=\"elementor-widget-container\">\n\t\t\t\t\t\t\t\t\t\t\t\t\t\t\t<img loading=\"lazy\" decoding=\"async\" width=\"293\" height=\"282\" src=\"https:\/\/terciariascapuchinasbuenpastor.org\/wp-content\/uploads\/2026\/04\/foto12_292026.jpg\" class=\"attachment-large size-large\" alt=\"\" \/>\t\t\t\t\t\t\t\t\t\t\t\t\t\t\t<\/div>\n\t\t\t\t<\/div>\n\t\t\t\t\t<\/div>\n\t\t<\/div>\n\t\t\t\t<div class=\"elementor-column elementor-col-25 elementor-top-column elementor-element elementor-element-f6a6faf\" data-id=\"f6a6faf\" data-element_type=\"column\">\n\t\t\t<div class=\"elementor-widget-wrap elementor-element-populated\">\n\t\t\t\t\t\t\t\t<div class=\"elementor-element elementor-element-cc5ae57 elementor-widget elementor-widget-image\" data-id=\"cc5ae57\" data-element_type=\"widget\" data-widget_type=\"image.default\">\n\t\t\t\t<div class=\"elementor-widget-container\">\n\t\t\t\t\t\t\t\t\t\t\t\t\t\t\t<img loading=\"lazy\" decoding=\"async\" width=\"544\" height=\"373\" src=\"https:\/\/terciariascapuchinasbuenpastor.org\/wp-content\/uploads\/2026\/04\/foto14_292026.jpg\" class=\"attachment-large size-large\" alt=\"\" srcset=\"https:\/\/terciariascapuchinasbuenpastor.org\/wp-content\/uploads\/2026\/04\/foto14_292026.jpg 544w, https:\/\/terciariascapuchinasbuenpastor.org\/wp-content\/uploads\/2026\/04\/foto14_292026-300x206.jpg 300w\" sizes=\"auto, (max-width: 544px) 100vw, 544px\" \/>\t\t\t\t\t\t\t\t\t\t\t\t\t\t\t<\/div>\n\t\t\t\t<\/div>\n\t\t\t\t\t<\/div>\n\t\t<\/div>\n\t\t\t\t<div class=\"elementor-column elementor-col-25 elementor-top-column elementor-element elementor-element-b29ec3a\" data-id=\"b29ec3a\" data-element_type=\"column\">\n\t\t\t<div class=\"elementor-widget-wrap elementor-element-populated\">\n\t\t\t\t\t\t\t\t<div class=\"elementor-element elementor-element-f26b313 elementor-widget elementor-widget-image\" data-id=\"f26b313\" data-element_type=\"widget\" data-widget_type=\"image.default\">\n\t\t\t\t<div class=\"elementor-widget-container\">\n\t\t\t\t\t\t\t\t\t\t\t\t\t\t\t<img loading=\"lazy\" decoding=\"async\" width=\"544\" height=\"373\" src=\"https:\/\/terciariascapuchinasbuenpastor.org\/wp-content\/uploads\/2026\/04\/foto14a_292026.jpg\" class=\"attachment-large size-large\" alt=\"\" srcset=\"https:\/\/terciariascapuchinasbuenpastor.org\/wp-content\/uploads\/2026\/04\/foto14a_292026.jpg 544w, https:\/\/terciariascapuchinasbuenpastor.org\/wp-content\/uploads\/2026\/04\/foto14a_292026-300x206.jpg 300w\" sizes=\"auto, (max-width: 544px) 100vw, 544px\" \/>\t\t\t\t\t\t\t\t\t\t\t\t\t\t\t<\/div>\n\t\t\t\t<\/div>\n\t\t\t\t\t<\/div>\n\t\t<\/div>\n\t\t\t\t\t\t\t<\/div>\n\t\t<\/section>\n\t\t\t\t<section class=\"elementor-section elementor-top-section elementor-element elementor-element-cac2c66 elementor-section-boxed elementor-section-height-default elementor-section-height-default\" data-id=\"cac2c66\" data-element_type=\"section\">\n\t\t\t\t\t\t<div class=\"elementor-container elementor-column-gap-default\">\n\t\t\t\t\t<div class=\"elementor-column elementor-col-25 elementor-top-column elementor-element elementor-element-767fb15\" data-id=\"767fb15\" data-element_type=\"column\">\n\t\t\t<div class=\"elementor-widget-wrap elementor-element-populated\">\n\t\t\t\t\t\t\t\t<div class=\"elementor-element elementor-element-c4b26fe elementor-widget elementor-widget-text-editor\" data-id=\"c4b26fe\" data-element_type=\"widget\" data-widget_type=\"text-editor.default\">\n\t\t\t\t<div class=\"elementor-widget-container\">\n\t\t\t\t\t\t\t<p><strong>Regional Costa 1: Internado Nazareth, Uribia y R\u00edohacha<\/strong><\/p>\t\t\t\t\t\t<\/div>\n\t\t\t\t<\/div>\n\t\t\t\t\t<\/div>\n\t\t<\/div>\n\t\t\t\t<div class=\"elementor-column elementor-col-25 elementor-top-column elementor-element elementor-element-52ca9c2\" data-id=\"52ca9c2\" data-element_type=\"column\">\n\t\t\t<div class=\"elementor-widget-wrap elementor-element-populated\">\n\t\t\t\t\t\t\t\t<div class=\"elementor-element elementor-element-f5a1841 elementor-widget elementor-widget-text-editor\" data-id=\"f5a1841\" data-element_type=\"widget\" data-widget_type=\"text-editor.default\">\n\t\t\t\t<div class=\"elementor-widget-container\">\n\t\t\t\t\t\t\t<p style=\"text-align: center;\"><strong>Regional Brasil<\/strong><\/p>\t\t\t\t\t\t<\/div>\n\t\t\t\t<\/div>\n\t\t\t\t\t<\/div>\n\t\t<\/div>\n\t\t\t\t<div class=\"elementor-column elementor-col-25 elementor-top-column elementor-element elementor-element-4f8bde5\" data-id=\"4f8bde5\" data-element_type=\"column\">\n\t\t\t<div class=\"elementor-widget-wrap elementor-element-populated\">\n\t\t\t\t\t\t\t\t<div class=\"elementor-element elementor-element-0ce8ec3 elementor-widget elementor-widget-text-editor\" data-id=\"0ce8ec3\" data-element_type=\"widget\" data-widget_type=\"text-editor.default\">\n\t\t\t\t<div class=\"elementor-widget-container\">\n\t\t\t\t\t\t\t\t\t\t\t\t\t<\/div>\n\t\t\t\t<\/div>\n\t\t\t\t\t<\/div>\n\t\t<\/div>\n\t\t\t\t<div class=\"elementor-column elementor-col-25 elementor-top-column elementor-element elementor-element-a97eb84\" data-id=\"a97eb84\" data-element_type=\"column\">\n\t\t\t<div class=\"elementor-widget-wrap elementor-element-populated\">\n\t\t\t\t\t\t\t\t<div class=\"elementor-element elementor-element-fd6498d elementor-widget elementor-widget-text-editor\" data-id=\"fd6498d\" data-element_type=\"widget\" data-widget_type=\"text-editor.default\">\n\t\t\t\t<div class=\"elementor-widget-container\">\n\t\t\t\t\t\t\t<p><strong>Regional Costa 2: Barranquilla y Sabanagrande<\/strong><\/p>\t\t\t\t\t\t<\/div>\n\t\t\t\t<\/div>\n\t\t\t\t\t<\/div>\n\t\t<\/div>\n\t\t\t\t\t\t\t<\/div>\n\t\t<\/section>\n\t\t\t\t<section class=\"elementor-section elementor-top-section elementor-element elementor-element-c5fae1a elementor-section-boxed elementor-section-height-default elementor-section-height-default\" data-id=\"c5fae1a\" data-element_type=\"section\">\n\t\t\t\t\t\t<div class=\"elementor-container elementor-column-gap-default\">\n\t\t\t\t\t<div class=\"elementor-column elementor-col-33 elementor-top-column elementor-element elementor-element-08e379a\" data-id=\"08e379a\" data-element_type=\"column\">\n\t\t\t<div class=\"elementor-widget-wrap elementor-element-populated\">\n\t\t\t\t\t\t\t\t<div class=\"elementor-element elementor-element-3c83d20 elementor-widget elementor-widget-image\" data-id=\"3c83d20\" data-element_type=\"widget\" data-widget_type=\"image.default\">\n\t\t\t\t<div class=\"elementor-widget-container\">\n\t\t\t\t\t\t\t\t\t\t\t\t\t\t\t<img loading=\"lazy\" decoding=\"async\" width=\"341\" height=\"345\" src=\"https:\/\/terciariascapuchinasbuenpastor.org\/wp-content\/uploads\/2026\/04\/foto16_292026.jpg\" class=\"attachment-large size-large\" alt=\"\" srcset=\"https:\/\/terciariascapuchinasbuenpastor.org\/wp-content\/uploads\/2026\/04\/foto16_292026.jpg 341w, https:\/\/terciariascapuchinasbuenpastor.org\/wp-content\/uploads\/2026\/04\/foto16_292026-297x300.jpg 297w\" sizes=\"auto, (max-width: 341px) 100vw, 341px\" \/>\t\t\t\t\t\t\t\t\t\t\t\t\t\t\t<\/div>\n\t\t\t\t<\/div>\n\t\t\t\t\t<\/div>\n\t\t<\/div>\n\t\t\t\t<div class=\"elementor-column elementor-col-33 elementor-top-column elementor-element elementor-element-7ed850f\" data-id=\"7ed850f\" data-element_type=\"column\">\n\t\t\t<div class=\"elementor-widget-wrap elementor-element-populated\">\n\t\t\t\t\t\t\t\t<div class=\"elementor-element elementor-element-21acfec elementor-widget elementor-widget-image\" data-id=\"21acfec\" data-element_type=\"widget\" data-widget_type=\"image.default\">\n\t\t\t\t<div class=\"elementor-widget-container\">\n\t\t\t\t\t\t\t\t\t\t\t\t\t\t\t<img loading=\"lazy\" decoding=\"async\" width=\"588\" height=\"360\" src=\"https:\/\/terciariascapuchinasbuenpastor.org\/wp-content\/uploads\/2026\/04\/foto17_292026.jpg\" class=\"attachment-large size-large\" alt=\"\" srcset=\"https:\/\/terciariascapuchinasbuenpastor.org\/wp-content\/uploads\/2026\/04\/foto17_292026.jpg 588w, https:\/\/terciariascapuchinasbuenpastor.org\/wp-content\/uploads\/2026\/04\/foto17_292026-300x184.jpg 300w\" sizes=\"auto, (max-width: 588px) 100vw, 588px\" \/>\t\t\t\t\t\t\t\t\t\t\t\t\t\t\t<\/div>\n\t\t\t\t<\/div>\n\t\t\t\t\t<\/div>\n\t\t<\/div>\n\t\t\t\t<div class=\"elementor-column elementor-col-33 elementor-top-column elementor-element elementor-element-a7e08c4\" data-id=\"a7e08c4\" data-element_type=\"column\">\n\t\t\t<div class=\"elementor-widget-wrap elementor-element-populated\">\n\t\t\t\t\t\t\t\t<div class=\"elementor-element elementor-element-be99582 elementor-widget elementor-widget-image\" data-id=\"be99582\" data-element_type=\"widget\" data-widget_type=\"image.default\">\n\t\t\t\t<div class=\"elementor-widget-container\">\n\t\t\t\t\t\t\t\t\t\t\t\t\t\t\t<img loading=\"lazy\" decoding=\"async\" width=\"391\" height=\"273\" src=\"https:\/\/terciariascapuchinasbuenpastor.org\/wp-content\/uploads\/2026\/04\/foto15_292026-1.jpg\" class=\"attachment-large size-large\" alt=\"\" srcset=\"https:\/\/terciariascapuchinasbuenpastor.org\/wp-content\/uploads\/2026\/04\/foto15_292026-1.jpg 391w, https:\/\/terciariascapuchinasbuenpastor.org\/wp-content\/uploads\/2026\/04\/foto15_292026-1-300x209.jpg 300w\" sizes=\"auto, (max-width: 391px) 100vw, 391px\" \/>\t\t\t\t\t\t\t\t\t\t\t\t\t\t\t<\/div>\n\t\t\t\t<\/div>\n\t\t\t\t\t<\/div>\n\t\t<\/div>\n\t\t\t\t\t\t\t<\/div>\n\t\t<\/section>\n\t\t\t\t<section class=\"elementor-section elementor-top-section elementor-element elementor-element-3250740 elementor-section-boxed elementor-section-height-default elementor-section-height-default\" data-id=\"3250740\" data-element_type=\"section\">\n\t\t\t\t\t\t<div class=\"elementor-container elementor-column-gap-default\">\n\t\t\t\t\t<div class=\"elementor-column elementor-col-100 elementor-top-column elementor-element elementor-element-0c801dd\" data-id=\"0c801dd\" data-element_type=\"column\">\n\t\t\t<div class=\"elementor-widget-wrap elementor-element-populated\">\n\t\t\t\t\t\t\t\t<div class=\"elementor-element elementor-element-c29f940 elementor-widget elementor-widget-text-editor\" data-id=\"c29f940\" data-element_type=\"widget\" data-widget_type=\"text-editor.default\">\n\t\t\t\t<div class=\"elementor-widget-container\">\n\t\t\t\t\t\t\t<p style=\"text-align: center;\"><strong>Hermanas mayores \u00a0de Umbr\u00eda<\/strong><\/p>\t\t\t\t\t\t<\/div>\n\t\t\t\t<\/div>\n\t\t\t\t\t<\/div>\n\t\t<\/div>\n\t\t\t\t\t\t\t<\/div>\n\t\t<\/section>\n\t\t\t\t\t\t\t<\/div>\n\t\t","protected":false},"excerpt":{"rendered":"<p>CELEBRACI\u00d3N DE NUESTRA FIESTA PATRONAL Y BODAS DE LAS HERMANAS JEANNETTE ROC\u00cdO LIMAS YA\u00d1ES Y MAR\u00cdA CRISTINA BUENO MILLAN \u00a0 Este a\u00f1o 2026 nuestra Provincia Madre del Buen Pastor est\u00e1 celebrando su noveno aniversario de erecci\u00f3n Can\u00f3nica; la fiesta lit\u00fargica correspondi\u00f3 al d\u00eda 25 de abril, v\u00edspera del domingo d\u00eda del Buen Pastor. En el&hellip; <br \/> <a class=\"read-more\" href=\"https:\/\/terciariascapuchinasbuenpastor.org\/index.php\/2026\/04\/29\/fiesta-patronal-y-bodas-de-las-hermanas\/\">Leer m\u00e1s<\/a><\/p>\n","protected":false},"author":1,"featured_media":5576,"comment_status":"open","ping_status":"open","sticky":false,"template":"","format":"standard","meta":{"footnotes":""},"categories":[1],"tags":[],"class_list":["post-5575","post","type-post","status-publish","format-standard","has-post-thumbnail","hentry","category-uncategorized"],"yoast_head":"<!-- This site is optimized with the Yoast SEO plugin v19.6.1 - https:\/\/yoast.com\/wordpress\/plugins\/seo\/ -->\n<title>Fiesta Patronal y Bodas de las hermanas - Terciarias Capuchinas Madre del Buen Pastor<\/title>\n<meta name=\"robots\" content=\"index, follow, max-snippet:-1, max-image-preview:large, max-video-preview:-1\" \/>\n<link rel=\"canonical\" href=\"https:\/\/terciariascapuchinasbuenpastor.org\/index.php\/2026\/04\/29\/fiesta-patronal-y-bodas-de-las-hermanas\/\" \/>\n<meta property=\"og:locale\" content=\"es_ES\" \/>\n<meta property=\"og:type\" content=\"article\" \/>\n<meta property=\"og:title\" content=\"Fiesta Patronal y Bodas de las hermanas - Terciarias Capuchinas Madre del Buen Pastor\" \/>\n<meta property=\"og:description\" content=\"CELEBRACI\u00d3N DE NUESTRA FIESTA PATRONAL Y BODAS DE LAS HERMANAS JEANNETTE ROC\u00cdO LIMAS YA\u00d1ES Y MAR\u00cdA CRISTINA BUENO MILLAN \u00a0 Este a\u00f1o 2026 nuestra Provincia Madre del Buen Pastor est\u00e1 celebrando su noveno aniversario de erecci\u00f3n Can\u00f3nica; la fiesta lit\u00fargica correspondi\u00f3 al d\u00eda 25 de abril, v\u00edspera del domingo d\u00eda del Buen Pastor. En el&hellip; Leer m\u00e1s\" \/>\n<meta property=\"og:url\" content=\"https:\/\/terciariascapuchinasbuenpastor.org\/index.php\/2026\/04\/29\/fiesta-patronal-y-bodas-de-las-hermanas\/\" \/>\n<meta property=\"og:site_name\" content=\"Terciarias Capuchinas Madre del Buen Pastor\" \/>\n<meta property=\"article:published_time\" content=\"2026-04-29T21:44:34+00:00\" \/>\n<meta property=\"article:modified_time\" content=\"2026-04-29T21:45:00+00:00\" \/>\n<meta property=\"og:image\" content=\"http:\/\/terciariascapuchinasbuenpastor.org\/wp-content\/uploads\/2026\/04\/Documento-A4-portada-de-proyecto-minimalista-organico-claro-3.jpg\" \/>\n\t<meta property=\"og:image:width\" content=\"1414\" \/>\n\t<meta property=\"og:image:height\" content=\"2000\" \/>\n\t<meta property=\"og:image:type\" content=\"image\/jpeg\" \/>\n<meta name=\"author\" content=\"cristianariasa\" \/>\n<meta name=\"twitter:card\" content=\"summary_large_image\" \/>\n<meta name=\"twitter:label1\" content=\"Escrito por\" \/>\n\t<meta name=\"twitter:data1\" content=\"cristianariasa\" \/>\n\t<meta name=\"twitter:label2\" content=\"Tiempo estimado de lectura\" \/>\n\t<meta name=\"twitter:data2\" content=\"5 minutos\" \/>\n<script type=\"application\/ld+json\" class=\"yoast-schema-graph\">{\"@context\":\"https:\/\/schema.org\",\"@graph\":[{\"@type\":\"Article\",\"@id\":\"https:\/\/terciariascapuchinasbuenpastor.org\/index.php\/2026\/04\/29\/fiesta-patronal-y-bodas-de-las-hermanas\/#article\",\"isPartOf\":{\"@id\":\"https:\/\/terciariascapuchinasbuenpastor.org\/index.php\/2026\/04\/29\/fiesta-patronal-y-bodas-de-las-hermanas\/\"},\"author\":{\"name\":\"cristianariasa\",\"@id\":\"https:\/\/terciariascapuchinasbuenpastor.org\/#\/schema\/person\/69f351a4cb81518e0ace4d1145f550ff\"},\"headline\":\"Fiesta Patronal y Bodas de las hermanas\",\"datePublished\":\"2026-04-29T21:44:34+00:00\",\"dateModified\":\"2026-04-29T21:45:00+00:00\",\"mainEntityOfPage\":{\"@id\":\"https:\/\/terciariascapuchinasbuenpastor.org\/index.php\/2026\/04\/29\/fiesta-patronal-y-bodas-de-las-hermanas\/\"},\"wordCount\":242,\"commentCount\":0,\"publisher\":{\"@id\":\"https:\/\/terciariascapuchinasbuenpastor.org\/#organization\"},\"articleSection\":[\"Uncategorized\"],\"inLanguage\":\"es-CO\",\"potentialAction\":[{\"@type\":\"CommentAction\",\"name\":\"Comment\",\"target\":[\"https:\/\/terciariascapuchinasbuenpastor.org\/index.php\/2026\/04\/29\/fiesta-patronal-y-bodas-de-las-hermanas\/#respond\"]}]},{\"@type\":\"WebPage\",\"@id\":\"https:\/\/terciariascapuchinasbuenpastor.org\/index.php\/2026\/04\/29\/fiesta-patronal-y-bodas-de-las-hermanas\/\",\"url\":\"https:\/\/terciariascapuchinasbuenpastor.org\/index.php\/2026\/04\/29\/fiesta-patronal-y-bodas-de-las-hermanas\/\",\"name\":\"Fiesta Patronal y Bodas de las hermanas - Terciarias Capuchinas Madre del Buen Pastor\",\"isPartOf\":{\"@id\":\"https:\/\/terciariascapuchinasbuenpastor.org\/#website\"},\"datePublished\":\"2026-04-29T21:44:34+00:00\",\"dateModified\":\"2026-04-29T21:45:00+00:00\",\"breadcrumb\":{\"@id\":\"https:\/\/terciariascapuchinasbuenpastor.org\/index.php\/2026\/04\/29\/fiesta-patronal-y-bodas-de-las-hermanas\/#breadcrumb\"},\"inLanguage\":\"es-CO\",\"potentialAction\":[{\"@type\":\"ReadAction\",\"target\":[\"https:\/\/terciariascapuchinasbuenpastor.org\/index.php\/2026\/04\/29\/fiesta-patronal-y-bodas-de-las-hermanas\/\"]}]},{\"@type\":\"BreadcrumbList\",\"@id\":\"https:\/\/terciariascapuchinasbuenpastor.org\/index.php\/2026\/04\/29\/fiesta-patronal-y-bodas-de-las-hermanas\/#breadcrumb\",\"itemListElement\":[{\"@type\":\"ListItem\",\"position\":1,\"name\":\"Inicio\",\"item\":\"https:\/\/terciariascapuchinasbuenpastor.org\/\"},{\"@type\":\"ListItem\",\"position\":2,\"name\":\"Fiesta Patronal y Bodas de las hermanas\"}]},{\"@type\":\"WebSite\",\"@id\":\"https:\/\/terciariascapuchinasbuenpastor.org\/#website\",\"url\":\"https:\/\/terciariascapuchinasbuenpastor.org\/\",\"name\":\"Terciarias Capuchinas Madre del Buen Pastor\",\"description\":\"Sitio oficial - Provincia Madre del Buen Pastor\",\"publisher\":{\"@id\":\"https:\/\/terciariascapuchinasbuenpastor.org\/#organization\"},\"potentialAction\":[{\"@type\":\"SearchAction\",\"target\":{\"@type\":\"EntryPoint\",\"urlTemplate\":\"https:\/\/terciariascapuchinasbuenpastor.org\/?s={search_term_string}\"},\"query-input\":\"required name=search_term_string\"}],\"inLanguage\":\"es-CO\"},{\"@type\":\"Organization\",\"@id\":\"https:\/\/terciariascapuchinasbuenpastor.org\/#organization\",\"name\":\"Terciarias Capuchinas Madre del Buen Pastor\",\"url\":\"https:\/\/terciariascapuchinasbuenpastor.org\/\",\"sameAs\":[],\"logo\":{\"@type\":\"ImageObject\",\"inLanguage\":\"es-CO\",\"@id\":\"https:\/\/terciariascapuchinasbuenpastor.org\/#\/schema\/logo\/image\/\",\"url\":\"https:\/\/terciariascapuchinasbuenpastor.org\/wp-content\/uploads\/2022\/08\/cropped-CC_Express_20220824_1658390.8685437846145748.png\",\"contentUrl\":\"https:\/\/terciariascapuchinasbuenpastor.org\/wp-content\/uploads\/2022\/08\/cropped-CC_Express_20220824_1658390.8685437846145748.png\",\"width\":5057,\"height\":1261,\"caption\":\"Terciarias Capuchinas Madre del Buen Pastor\"},\"image\":{\"@id\":\"https:\/\/terciariascapuchinasbuenpastor.org\/#\/schema\/logo\/image\/\"}},{\"@type\":\"Person\",\"@id\":\"https:\/\/terciariascapuchinasbuenpastor.org\/#\/schema\/person\/69f351a4cb81518e0ace4d1145f550ff\",\"name\":\"cristianariasa\",\"image\":{\"@type\":\"ImageObject\",\"inLanguage\":\"es-CO\",\"@id\":\"https:\/\/terciariascapuchinasbuenpastor.org\/#\/schema\/person\/image\/\",\"url\":\"https:\/\/secure.gravatar.com\/avatar\/a8c23f0611bb89adbf3c0c72843dd831dac61407e25c4a6be24da0c9f2a005ed?s=96&d=mm&r=g\",\"contentUrl\":\"https:\/\/secure.gravatar.com\/avatar\/a8c23f0611bb89adbf3c0c72843dd831dac61407e25c4a6be24da0c9f2a005ed?s=96&d=mm&r=g\",\"caption\":\"cristianariasa\"},\"sameAs\":[\"http:\/\/terciariascapuchinasbuenpastor.org\"],\"url\":\"https:\/\/terciariascapuchinasbuenpastor.org\/index.php\/author\/cristianariasa\/\"}]}<\/script>\n<!-- \/ Yoast SEO plugin. -->","yoast_head_json":{"title":"Fiesta Patronal y Bodas de las hermanas - Terciarias Capuchinas Madre del Buen Pastor","robots":{"index":"index","follow":"follow","max-snippet":"max-snippet:-1","max-image-preview":"max-image-preview:large","max-video-preview":"max-video-preview:-1"},"canonical":"https:\/\/terciariascapuchinasbuenpastor.org\/index.php\/2026\/04\/29\/fiesta-patronal-y-bodas-de-las-hermanas\/","og_locale":"es_ES","og_type":"article","og_title":"Fiesta Patronal y Bodas de las hermanas - Terciarias Capuchinas Madre del Buen Pastor","og_description":"CELEBRACI\u00d3N DE NUESTRA FIESTA PATRONAL Y BODAS DE LAS HERMANAS JEANNETTE ROC\u00cdO LIMAS YA\u00d1ES Y MAR\u00cdA CRISTINA BUENO MILLAN \u00a0 Este a\u00f1o 2026 nuestra Provincia Madre del Buen Pastor est\u00e1 celebrando su noveno aniversario de erecci\u00f3n Can\u00f3nica; la fiesta lit\u00fargica correspondi\u00f3 al d\u00eda 25 de abril, v\u00edspera del domingo d\u00eda del Buen Pastor. En el&hellip; Leer m\u00e1s","og_url":"https:\/\/terciariascapuchinasbuenpastor.org\/index.php\/2026\/04\/29\/fiesta-patronal-y-bodas-de-las-hermanas\/","og_site_name":"Terciarias Capuchinas Madre del Buen Pastor","article_published_time":"2026-04-29T21:44:34+00:00","article_modified_time":"2026-04-29T21:45:00+00:00","og_image":[{"width":1414,"height":2000,"url":"http:\/\/terciariascapuchinasbuenpastor.org\/wp-content\/uploads\/2026\/04\/Documento-A4-portada-de-proyecto-minimalista-organico-claro-3.jpg","type":"image\/jpeg"}],"author":"cristianariasa","twitter_card":"summary_large_image","twitter_misc":{"Escrito por":"cristianariasa","Tiempo estimado de lectura":"5 minutos"},"schema":{"@context":"https:\/\/schema.org","@graph":[{"@type":"Article","@id":"https:\/\/terciariascapuchinasbuenpastor.org\/index.php\/2026\/04\/29\/fiesta-patronal-y-bodas-de-las-hermanas\/#article","isPartOf":{"@id":"https:\/\/terciariascapuchinasbuenpastor.org\/index.php\/2026\/04\/29\/fiesta-patronal-y-bodas-de-las-hermanas\/"},"author":{"name":"cristianariasa","@id":"https:\/\/terciariascapuchinasbuenpastor.org\/#\/schema\/person\/69f351a4cb81518e0ace4d1145f550ff"},"headline":"Fiesta Patronal y Bodas de las hermanas","datePublished":"2026-04-29T21:44:34+00:00","dateModified":"2026-04-29T21:45:00+00:00","mainEntityOfPage":{"@id":"https:\/\/terciariascapuchinasbuenpastor.org\/index.php\/2026\/04\/29\/fiesta-patronal-y-bodas-de-las-hermanas\/"},"wordCount":242,"commentCount":0,"publisher":{"@id":"https:\/\/terciariascapuchinasbuenpastor.org\/#organization"},"articleSection":["Uncategorized"],"inLanguage":"es-CO","potentialAction":[{"@type":"CommentAction","name":"Comment","target":["https:\/\/terciariascapuchinasbuenpastor.org\/index.php\/2026\/04\/29\/fiesta-patronal-y-bodas-de-las-hermanas\/#respond"]}]},{"@type":"WebPage","@id":"https:\/\/terciariascapuchinasbuenpastor.org\/index.php\/2026\/04\/29\/fiesta-patronal-y-bodas-de-las-hermanas\/","url":"https:\/\/terciariascapuchinasbuenpastor.org\/index.php\/2026\/04\/29\/fiesta-patronal-y-bodas-de-las-hermanas\/","name":"Fiesta Patronal y Bodas de las hermanas - Terciarias Capuchinas Madre del Buen Pastor","isPartOf":{"@id":"https:\/\/terciariascapuchinasbuenpastor.org\/#website"},"datePublished":"2026-04-29T21:44:34+00:00","dateModified":"2026-04-29T21:45:00+00:00","breadcrumb":{"@id":"https:\/\/terciariascapuchinasbuenpastor.org\/index.php\/2026\/04\/29\/fiesta-patronal-y-bodas-de-las-hermanas\/#breadcrumb"},"inLanguage":"es-CO","potentialAction":[{"@type":"ReadAction","target":["https:\/\/terciariascapuchinasbuenpastor.org\/index.php\/2026\/04\/29\/fiesta-patronal-y-bodas-de-las-hermanas\/"]}]},{"@type":"BreadcrumbList","@id":"https:\/\/terciariascapuchinasbuenpastor.org\/index.php\/2026\/04\/29\/fiesta-patronal-y-bodas-de-las-hermanas\/#breadcrumb","itemListElement":[{"@type":"ListItem","position":1,"name":"Inicio","item":"https:\/\/terciariascapuchinasbuenpastor.org\/"},{"@type":"ListItem","position":2,"name":"Fiesta Patronal y Bodas de las hermanas"}]},{"@type":"WebSite","@id":"https:\/\/terciariascapuchinasbuenpastor.org\/#website","url":"https:\/\/terciariascapuchinasbuenpastor.org\/","name":"Terciarias Capuchinas Madre del Buen Pastor","description":"Sitio oficial - Provincia Madre del Buen Pastor","publisher":{"@id":"https:\/\/terciariascapuchinasbuenpastor.org\/#organization"},"potentialAction":[{"@type":"SearchAction","target":{"@type":"EntryPoint","urlTemplate":"https:\/\/terciariascapuchinasbuenpastor.org\/?s={search_term_string}"},"query-input":"required name=search_term_string"}],"inLanguage":"es-CO"},{"@type":"Organization","@id":"https:\/\/terciariascapuchinasbuenpastor.org\/#organization","name":"Terciarias Capuchinas Madre del Buen Pastor","url":"https:\/\/terciariascapuchinasbuenpastor.org\/","sameAs":[],"logo":{"@type":"ImageObject","inLanguage":"es-CO","@id":"https:\/\/terciariascapuchinasbuenpastor.org\/#\/schema\/logo\/image\/","url":"https:\/\/terciariascapuchinasbuenpastor.org\/wp-content\/uploads\/2022\/08\/cropped-CC_Express_20220824_1658390.8685437846145748.png","contentUrl":"https:\/\/terciariascapuchinasbuenpastor.org\/wp-content\/uploads\/2022\/08\/cropped-CC_Express_20220824_1658390.8685437846145748.png","width":5057,"height":1261,"caption":"Terciarias Capuchinas Madre del Buen Pastor"},"image":{"@id":"https:\/\/terciariascapuchinasbuenpastor.org\/#\/schema\/logo\/image\/"}},{"@type":"Person","@id":"https:\/\/terciariascapuchinasbuenpastor.org\/#\/schema\/person\/69f351a4cb81518e0ace4d1145f550ff","name":"cristianariasa","image":{"@type":"ImageObject","inLanguage":"es-CO","@id":"https:\/\/terciariascapuchinasbuenpastor.org\/#\/schema\/person\/image\/","url":"https:\/\/secure.gravatar.com\/avatar\/a8c23f0611bb89adbf3c0c72843dd831dac61407e25c4a6be24da0c9f2a005ed?s=96&d=mm&r=g","contentUrl":"https:\/\/secure.gravatar.com\/avatar\/a8c23f0611bb89adbf3c0c72843dd831dac61407e25c4a6be24da0c9f2a005ed?s=96&d=mm&r=g","caption":"cristianariasa"},"sameAs":["http:\/\/terciariascapuchinasbuenpastor.org"],"url":"https:\/\/terciariascapuchinasbuenpastor.org\/index.php\/author\/cristianariasa\/"}]}},"_links":{"self":[{"href":"https:\/\/terciariascapuchinasbuenpastor.org\/index.php\/wp-json\/wp\/v2\/posts\/5575","targetHints":{"allow":["GET"]}}],"collection":[{"href":"https:\/\/terciariascapuchinasbuenpastor.org\/index.php\/wp-json\/wp\/v2\/posts"}],"about":[{"href":"https:\/\/terciariascapuchinasbuenpastor.org\/index.php\/wp-json\/wp\/v2\/types\/post"}],"author":[{"embeddable":true,"href":"https:\/\/terciariascapuchinasbuenpastor.org\/index.php\/wp-json\/wp\/v2\/users\/1"}],"replies":[{"embeddable":true,"href":"https:\/\/terciariascapuchinasbuenpastor.org\/index.php\/wp-json\/wp\/v2\/comments?post=5575"}],"version-history":[{"count":5,"href":"https:\/\/terciariascapuchinasbuenpastor.org\/index.php\/wp-json\/wp\/v2\/posts\/5575\/revisions"}],"predecessor-version":[{"id":5600,"href":"https:\/\/terciariascapuchinasbuenpastor.org\/index.php\/wp-json\/wp\/v2\/posts\/5575\/revisions\/5600"}],"wp:featuredmedia":[{"embeddable":true,"href":"https:\/\/terciariascapuchinasbuenpastor.org\/index.php\/wp-json\/wp\/v2\/media\/5576"}],"wp:attachment":[{"href":"https:\/\/terciariascapuchinasbuenpastor.org\/index.php\/wp-json\/wp\/v2\/media?parent=5575"}],"wp:term":[{"taxonomy":"category","embeddable":true,"href":"https:\/\/terciariascapuchinasbuenpastor.org\/index.php\/wp-json\/wp\/v2\/categories?post=5575"},{"taxonomy":"post_tag","embeddable":true,"href":"https:\/\/terciariascapuchinasbuenpastor.org\/index.php\/wp-json\/wp\/v2\/tags?post=5575"}],"curies":[{"name":"wp","href":"https:\/\/api.w.org\/{rel}","templated":true}]}}